{"id":1683,"date":"2018-12-16T16:18:11","date_gmt":"2018-12-16T12:18:11","guid":{"rendered":"https:\/\/lakazart.com\/le-mauricien-inauguration-le-veranda-tamarin-un-pari-ose\/"},"modified":"2018-12-16T16:18:11","modified_gmt":"2018-12-16T12:18:11","slug":"le-mauricien-inauguration-le-veranda-tamarin-un-pari-ose","status":"publish","type":"post","link":"https:\/\/lakazart.com\/fr\/le-mauricien-inauguration-le-veranda-tamarin-un-pari-ose\/","title":{"rendered":"Le Mauricien &#8211; Inauguration : Le Veranda Tamarin, un pari os\u00e9!"},"content":{"rendered":"\n<p>L\u2019h\u00f4tel Veranda Tamarin a rouvert ses portes apr\u00e8s plus de six mois de r\u00e9novation. Cinqui\u00e8me \u00e9tablissement de l\u2019enseigne Veranda Resorts, ce 3 \u00e9toiles (+) de 116 chambres propose un concept communautaire novateur dans le paysage h\u00f4telier mauricien. Le Veranda Tamarin, c\u2019est un pari os\u00e9 sur l\u2019avenir car c\u2019est bien le seul et unique h\u00f4tel en son genre. Ancr\u00e9 au c\u0153ur du village de Tamarin, il porte l\u2019authenticit\u00e9 \u00e0 un autre niveau en s\u2019ouvrant pleinement sur la vie locale, le surf, la musique et l\u2019environnement.\u00a0<\/p>\n\n\n\n<p>Lire la suite sur <a href=\"https:\/\/www.lemauricien.com\/article\/inauguration-le-veranda-tamarin-un-pari-ose\/\" target=\"_blank\" rel=\"noreferrer noopener\" aria-label=\"www.lemauricien.com (opens in a new tab)\">www.lemauricien.com<\/a><\/p>\n","protected":false},"excerpt":{"rendered":"<p>L\u2019h\u00f4tel Veranda Tamarin a rouvert ses portes apr\u00e8s plus de six mois de r\u00e9novation. Cinqui\u00e8me \u00e9tablissement de l\u2019enseigne Veranda Resorts, ce 3 \u00e9toiles (+) de 116 chambres propose un concept communautaire novateur dans le paysage h\u00f4telier mauricien.<\/p>\n","protected":false},"author":1,"featured_media":1670,"comment_status":"closed","ping_status":"closed","sticky":false,"template":"","format":"standard","meta":{"_exactmetrics_skip_tracking":false,"_exactmetrics_sitenote_active":false,"_exactmetrics_sitenote_note":"","_exactmetrics_sitenote_category":0,"footnotes":""},"categories":[54],"tags":[60,61,62,63],"yst_prominent_words":[],"class_list":["post-1683","post","type-post","status-publish","format-standard","has-post-thumbnail","hentry","category-press-room-fr","tag-le-mauricien-fr","tag-project-fr","tag-tamarin-fr","tag-veranda-tamarin-fr"],"_links":{"self":[{"href":"https:\/\/lakazart.com\/fr\/wp-json\/wp\/v2\/posts\/1683","targetHints":{"allow":["GET"]}}],"collection":[{"href":"https:\/\/lakazart.com\/fr\/wp-json\/wp\/v2\/posts"}],"about":[{"href":"https:\/\/lakazart.com\/fr\/wp-json\/wp\/v2\/types\/post"}],"author":[{"embeddable":true,"href":"https:\/\/lakazart.com\/fr\/wp-json\/wp\/v2\/users\/1"}],"replies":[{"embeddable":true,"href":"https:\/\/lakazart.com\/fr\/wp-json\/wp\/v2\/comments?post=1683"}],"version-history":[{"count":0,"href":"https:\/\/lakazart.com\/fr\/wp-json\/wp\/v2\/posts\/1683\/revisions"}],"wp:featuredmedia":[{"embeddable":true,"href":"https:\/\/lakazart.com\/fr\/wp-json\/wp\/v2\/media\/1670"}],"wp:attachment":[{"href":"https:\/\/lakazart.com\/fr\/wp-json\/wp\/v2\/media?parent=1683"}],"wp:term":[{"taxonomy":"category","embeddable":true,"href":"https:\/\/lakazart.com\/fr\/wp-json\/wp\/v2\/categories?post=1683"},{"taxonomy":"post_tag","embeddable":true,"href":"https:\/\/lakazart.com\/fr\/wp-json\/wp\/v2\/tags?post=1683"},{"taxonomy":"yst_prominent_words","embeddable":true,"href":"https:\/\/lakazart.com\/fr\/wp-json\/wp\/v2\/yst_prominent_words?post=1683"}],"curies":[{"name":"wp","href":"https:\/\/api.w.org\/{rel}","templated":true}]}}